{"id":592,"date":"2022-06-27T08:53:02","date_gmt":"2022-06-27T06:53:02","guid":{"rendered":"https:\/\/fortvii.pl\/?p=592"},"modified":"2022-06-29T16:33:07","modified_gmt":"2022-06-29T14:33:07","slug":"spacer-z-przewodnikiem-po-nowej-tak-zwanej-sciezce-fortyfikacyjnej","status":"publish","type":"post","link":"https:\/\/fortvii.eu\/renowacja\/spacer-z-przewodnikiem-po-nowej-tak-zwanej-sciezce-fortyfikacyjnej\/","title":{"rendered":"Spacer z przewodnikiem po nowej tak zwanej &#8222;\u015bcie\u017cce fortyfikacyjnej&#8221;"},"content":{"rendered":"\n<p>We wtorek <strong>21 czerwca<\/strong> odby\u0142o si\u0119 podsumowanie I etapu projektu: &#8222;Renowacja i adaptacja Fortu VII w Poznaniu dla zachowania dziedzictwa kulturowego&#8221; w ramach kt\u00f3rego powstaje tak zwana &#8222;\u015bcie\u017cka fortyfikacyjna&#8221; go\u015bcie konferencji byli jednymi z pierwszych zwiedzaj\u0105cych. Zapraszamy tak\u017ce Pa\u0144stwa na oprowadzanie po prawym majdanie Fortu VII, w kt\u00f3rym mie\u015bci si\u0119 Muzeum Martyrologii Wielkopolan &#8211; Fort VII. <br><strong>Zwiedzanie z przewodnikiem:<\/strong><\/p>\n\n\n\n<p>sobota <strong>2 lipca<\/strong> 10:30 oraz 13:30<\/p>\n\n\n\n<p>sobota <strong>23 lipca <\/strong>10:30<\/p>\n\n\n\n<p class=\"has-text-align-center\"><strong>NA ZWIEDZANIE OBOWI\u0104ZUJ\u0104 ZAPISY<\/strong><\/p>\n\n\n\n<p>mail: mmw@wmn.poznan.pl <\/p>\n\n\n\n<p>tel. +48 61 848 31 38<\/p>\n\n\n\n<p>Oprowadzanie jest wliczone w cen\u0119 biletu: <strong>N &#8211; 6z\u0142 U &#8211; 3z\u0142<br><\/strong>Ekspozycja znajduj\u0105ca si\u0119 na lewym majdanie przeznaczona jest dla odbiorc\u00f3w <strong>powy\u017cej 12 r.\u017c.<\/strong><\/p>\n\n\n\n<p><\/p>\n","protected":false},"excerpt":{"rendered":"<p>We wtorek 21 czerwca odby\u0142o si\u0119 podsumowanie I etapu projektu: &#8222;Renowacja i adaptacja Fortu VII w Poznaniu dla zachowania dziedzictwa kulturowego&#8221; w ramach kt\u00f3rego powstaje tak zwana &#8222;\u015bcie\u017cka fortyfikacyjna&#8221; go\u015bcie konferencji byli jednymi z pierwszych zwiedzaj\u0105cych. Zapraszamy tak\u017ce Pa\u0144stwa na oprowadzanie po prawym majdanie Fortu VII, w kt\u00f3rym mie\u015bci si\u0119 Muzeum Martyrologii Wielkopolan &#8211; Fort [&hellip;]<\/p>\n","protected":false},"author":3,"featured_media":577,"comment_status":"closed","ping_status":"","sticky":false,"template":"","format":"standard","meta":{"footnotes":""},"categories":[8],"tags":[],"class_list":["post-592","post","type-post","status-publish","format-standard","has-post-thumbnail","hentry","category-aktualnosci"],"_links":{"self":[{"href":"https:\/\/fortvii.eu\/renowacja\/wp-json\/wp\/v2\/posts\/592","targetHints":{"allow":["GET"]}}],"collection":[{"href":"https:\/\/fortvii.eu\/renowacja\/wp-json\/wp\/v2\/posts"}],"about":[{"href":"https:\/\/fortvii.eu\/renowacja\/wp-json\/wp\/v2\/types\/post"}],"author":[{"embeddable":true,"href":"https:\/\/fortvii.eu\/renowacja\/wp-json\/wp\/v2\/users\/3"}],"replies":[{"embeddable":true,"href":"https:\/\/fortvii.eu\/renowacja\/wp-json\/wp\/v2\/comments?post=592"}],"version-history":[{"count":6,"href":"https:\/\/fortvii.eu\/renowacja\/wp-json\/wp\/v2\/posts\/592\/revisions"}],"predecessor-version":[{"id":1002,"href":"https:\/\/fortvii.eu\/renowacja\/wp-json\/wp\/v2\/posts\/592\/revisions\/1002"}],"wp:featuredmedia":[{"embeddable":true,"href":"https:\/\/fortvii.eu\/renowacja\/wp-json\/wp\/v2\/media\/577"}],"wp:attachment":[{"href":"https:\/\/fortvii.eu\/renowacja\/wp-json\/wp\/v2\/media?parent=592"}],"wp:term":[{"taxonomy":"category","embeddable":true,"href":"https:\/\/fortvii.eu\/renowacja\/wp-json\/wp\/v2\/categories?post=592"},{"taxonomy":"post_tag","embeddable":true,"href":"https:\/\/fortvii.eu\/renowacja\/wp-json\/wp\/v2\/tags?post=592"}],"curies":[{"name":"wp","href":"https:\/\/api.w.org\/{rel}","templated":true}]}}