{"id":1024,"date":"2022-07-26T12:56:35","date_gmt":"2022-07-26T10:56:35","guid":{"rendered":"https:\/\/fortvii.pl\/?p=1024"},"modified":"2022-07-26T12:59:15","modified_gmt":"2022-07-26T10:59:15","slug":"zwiedzanie-z-przewodnikiem-fortu-vii","status":"publish","type":"post","link":"https:\/\/fortvii.eu\/renowacja\/zwiedzanie-z-przewodnikiem-fortu-vii\/","title":{"rendered":"Zwiedzanie z przewodnikiem Fortu VII"},"content":{"rendered":"\n<p>W ubieg\u0142\u0105 sobot\u0119 odby\u0142 si\u0119 kolejny spacer z przewodnikiem w Forcie VII. W ramach zwiedzania odwiedzili\u015bmy zar\u00f3wno now\u0105 powstaj\u0105c\u0105 historyczn\u0105 \u015bcie\u017ck\u0119 tz. fortyfikacyjn\u0105 oraz znan\u0105 oraz dost\u0119pn\u0105 ekspozycj\u0119 martyrologiczn\u0105.<\/p>\n\n\n\n<p>Dzi\u0119ki funduszom europejskim przygotowujemy dla Pa\u0144stwa lewy majdan, na kt\u00f3rym ju\u017c niebawem zaprezentujemy nowe ekspozycje prezentuj\u0105ce zar\u00f3wno przesz\u0142o\u015b\u0107 historyczno-architektoniczn\u0105 budynku jak r\u00f3wnie\u017c tragiczne losy wi\u0119\u017ani\u00f3w, utwozonego na ziemiach polskich KL Posen. Podkre\u015blamy, Fort VII jest oraz b\u0119dzie miejscem pami\u0119ci oraz \u015bwiadectwem niemieckiego okrucie\u0144stwa w czasie II Wojny \u015awiatowej.<\/p>\n\n\n\n<p>Dzi\u0119kujemy uczestnikom za obecno\u015b\u0107 oraz zapraszamy na kolejny spacer z przewodnikiem, kt\u00f3ry ob\u0119dzie si\u0119 w sierpniu w ramach <strong>Pozna\u0144skich Dni Twierdzy<\/strong>.<\/p>\n\n\n<div class=\"jet-woo-product-gallery blocks-jet-woo-product-gallery-slider\" data-gallery-settings=\"{&quot;enableGallery&quot;:false,&quot;enableZoom&quot;:false,&quot;zoomMagnify&quot;:1,&quot;caption&quot;:true,&quot;zoom&quot;:true,&quot;fullscreen&quot;:true,&quot;share&quot;:true,&quot;counter&quot;:true,&quot;arrows&quot;:true,&quot;hasVideo&quot;:false,&quot;videoType&quot;:&quot;&quot;,&quot;videoIn&quot;:&quot;content&quot;,&quot;videoAutoplay&quot;:false,&quot;videoLoop&quot;:false,&quot;videoFirst&quot;:false}\" data-is-block=\"jet-gallery\/gallery-slider\"><div class=\"jet-woo-product-gallery__content jet-woo-product-gallery__trigger--top-right\" data-featured-image=\"\">\r\n\t<div class=\"jet-woo-swiper jet-woo-swiper-horizontal jet-gallery-swiper-horizontal-pos-bottom\">\r\n\t\t<div class=\"jet-gallery-swiper-slider\">\r\n\t\t\t<div class=\"jet-woo-product-gallery-slider jet-woo-product-gallery-slider--has-multiple swiper-container\"\r\n\t\t\t\tdata-swiper-settings=\"{&quot;autoHeight&quot;:true,&quot;centeredSlides&quot;:false,&quot;direction&quot;:&quot;horizontal&quot;,&quot;effect&quot;:&quot;slide&quot;,&quot;longSwipesRatio&quot;:0.8,&quot;showNavigation&quot;:true,&quot;showPagination&quot;:true,&quot;loop&quot;:false,&quot;paginationControllerType&quot;:&quot;bullets&quot;,&quot;paginationType&quot;:&quot;bullets&quot;,&quot;dynamicBullets&quot;:false}\" data-swiper-thumb-settings=\"[]\" dir=\"ltr\" >\r\n\t\t\t\t<div class=\"swiper-wrapper\">\r\n\t\t\t\t\t\r\n<div class=\"jet-woo-product-gallery__image-item swiper-slide\">\r\n\t<div class=\"jet-woo-product-gallery__image\">\r\n\t\t<a class=\"jet-woo-product-gallery__image-link\" href=\"https:\/\/fortvii.eu\/renowacja\/wp-content\/uploads\/2022\/07\/DSC05303.jpg\" itemprop=\"image\" title=\"\" rel=\"prettyPhoto[jet-gallery]\" data-e-disable-page-transition=\"\"><img fetchpriority=\"high\" decoding=\"async\" width=\"2048\" height=\"1365\" src=\"https:\/\/fortvii.eu\/renowacja\/wp-content\/uploads\/2022\/07\/DSC05303.jpg\" class=\"wp-post-gallery\" alt=\"Grupa os\u00f3b w wej\u015bciu do Fortu VII oczekuje na przewodnika\" title=\"\" data-caption=\"\" data-src=\"https:\/\/fortvii.eu\/renowacja\/wp-content\/uploads\/2022\/07\/DSC05303.jpg\" data-large_image=\"https:\/\/fortvii.eu\/renowacja\/wp-content\/uploads\/2022\/07\/DSC05303.jpg\" data-large_image_width=\"2048\" data-large_image_height=\"1365\" \/><\/a>\t<\/div>\r\n<\/div>\r\n<div class=\"jet-woo-product-gallery__image-item swiper-slide\">\r\n\t<div class=\"jet-woo-product-gallery__image\">\r\n\t\t<a class=\"jet-woo-product-gallery__image-link\" href=\"https:\/\/fortvii.eu\/renowacja\/wp-content\/uploads\/2022\/07\/DSC05333.jpg\" itemprop=\"image\" title=\"\" rel=\"prettyPhoto[jet-gallery]\" data-e-disable-page-transition=\"\"><img decoding=\"async\" width=\"2048\" height=\"1365\" src=\"https:\/\/fortvii.eu\/renowacja\/wp-content\/uploads\/2022\/07\/DSC05333.jpg\" class=\"wp-post-gallery\" alt=\"Grupa os\u00f3b w r\u00f3\u017cnym wieku zwiedza such\u0105 fos\u0119 z przewodnikiem\" title=\"\" data-caption=\"\" data-src=\"https:\/\/fortvii.eu\/renowacja\/wp-content\/uploads\/2022\/07\/DSC05333.jpg\" data-large_image=\"https:\/\/fortvii.eu\/renowacja\/wp-content\/uploads\/2022\/07\/DSC05333.jpg\" data-large_image_width=\"2048\" data-large_image_height=\"1365\" \/><\/a>\t<\/div>\r\n<\/div>\r\n<div class=\"jet-woo-product-gallery__image-item swiper-slide\">\r\n\t<div class=\"jet-woo-product-gallery__image\">\r\n\t\t<a class=\"jet-woo-product-gallery__image-link\" href=\"https:\/\/fortvii.eu\/renowacja\/wp-content\/uploads\/2022\/07\/DSC05341.jpg\" itemprop=\"image\" title=\"\" rel=\"prettyPhoto[jet-gallery]\" data-e-disable-page-transition=\"\"><img decoding=\"async\" width=\"2048\" height=\"1365\" src=\"https:\/\/fortvii.eu\/renowacja\/wp-content\/uploads\/2022\/07\/DSC05341.jpg\" class=\"wp-post-gallery\" alt=\"Grupa os\u00f3b w r\u00f3\u017cnym wieku zwiedza such\u0105 fos\u0119 z przewodnikiem\" title=\"\" data-caption=\"\" data-src=\"https:\/\/fortvii.eu\/renowacja\/wp-content\/uploads\/2022\/07\/DSC05341.jpg\" data-large_image=\"https:\/\/fortvii.eu\/renowacja\/wp-content\/uploads\/2022\/07\/DSC05341.jpg\" data-large_image_width=\"2048\" data-large_image_height=\"1365\" \/><\/a>\t<\/div>\r\n<\/div>\r\n<div class=\"jet-woo-product-gallery__image-item swiper-slide\">\r\n\t<div class=\"jet-woo-product-gallery__image\">\r\n\t\t<a class=\"jet-woo-product-gallery__image-link\" href=\"https:\/\/fortvii.eu\/renowacja\/wp-content\/uploads\/2022\/07\/DSC05355.jpg\" itemprop=\"image\" title=\"\" rel=\"prettyPhoto[jet-gallery]\" data-e-disable-page-transition=\"\"><img loading=\"lazy\" decoding=\"async\" width=\"2048\" height=\"1365\" src=\"https:\/\/fortvii.eu\/renowacja\/wp-content\/uploads\/2022\/07\/DSC05355.jpg\" class=\"wp-post-gallery\" alt=\"Grupa os\u00f3b w r\u00f3\u017cnym wieku siedzi przed ekranem na kt\u00f3rym b\u0119dzie wy\u015bwietlany film\" title=\"\" data-caption=\"\" data-src=\"https:\/\/fortvii.eu\/renowacja\/wp-content\/uploads\/2022\/07\/DSC05355.jpg\" data-large_image=\"https:\/\/fortvii.eu\/renowacja\/wp-content\/uploads\/2022\/07\/DSC05355.jpg\" data-large_image_width=\"2048\" data-large_image_height=\"1365\" \/><\/a>\t<\/div>\r\n<\/div>\r\n<div class=\"jet-woo-product-gallery__image-item swiper-slide\">\r\n\t<div class=\"jet-woo-product-gallery__image\">\r\n\t\t<a class=\"jet-woo-product-gallery__image-link\" href=\"https:\/\/fortvii.eu\/renowacja\/wp-content\/uploads\/2022\/07\/DSC05363.jpg\" itemprop=\"image\" title=\"\" rel=\"prettyPhoto[jet-gallery]\" data-e-disable-page-transition=\"\"><img loading=\"lazy\" decoding=\"async\" width=\"2048\" height=\"1365\" src=\"https:\/\/fortvii.eu\/renowacja\/wp-content\/uploads\/2022\/07\/DSC05363.jpg\" class=\"wp-post-gallery\" alt=\"Przewodnik wskazuje grupie zwiedzaj\u0105cej wa\u017cny element fortowy na makiecie Fortu VII\" title=\"\" data-caption=\"\" data-src=\"https:\/\/fortvii.eu\/renowacja\/wp-content\/uploads\/2022\/07\/DSC05363.jpg\" data-large_image=\"https:\/\/fortvii.eu\/renowacja\/wp-content\/uploads\/2022\/07\/DSC05363.jpg\" data-large_image_width=\"2048\" data-large_image_height=\"1365\" \/><\/a>\t<\/div>\r\n<\/div>\r\n<div class=\"jet-woo-product-gallery__image-item swiper-slide\">\r\n\t<div class=\"jet-woo-product-gallery__image\">\r\n\t\t<a class=\"jet-woo-product-gallery__image-link\" href=\"https:\/\/fortvii.eu\/renowacja\/wp-content\/uploads\/2022\/07\/DSC05402.jpg\" itemprop=\"image\" title=\"\" rel=\"prettyPhoto[jet-gallery]\" data-e-disable-page-transition=\"\"><img loading=\"lazy\" decoding=\"async\" width=\"2048\" height=\"1365\" src=\"https:\/\/fortvii.eu\/renowacja\/wp-content\/uploads\/2022\/07\/DSC05402.jpg\" class=\"wp-post-gallery\" alt=\"Uczestnicy przygl\u0105daj\u0105 si\u0119 ceg\u0142om na kt\u00f3rych widniej\u0105 podpisy pochodz\u0105ce z okresu w kt\u00f3rym Fort VII by\u0142 obozem koncentracyjnym\" title=\"\" data-caption=\"\" data-src=\"https:\/\/fortvii.eu\/renowacja\/wp-content\/uploads\/2022\/07\/DSC05402.jpg\" data-large_image=\"https:\/\/fortvii.eu\/renowacja\/wp-content\/uploads\/2022\/07\/DSC05402.jpg\" data-large_image_width=\"2048\" data-large_image_height=\"1365\" \/><\/a>\t<\/div>\r\n<\/div>\r\n<div class=\"jet-woo-product-gallery__image-item swiper-slide\">\r\n\t<div class=\"jet-woo-product-gallery__image\">\r\n\t\t<a class=\"jet-woo-product-gallery__image-link\" href=\"https:\/\/fortvii.eu\/renowacja\/wp-content\/uploads\/2022\/07\/DSC05410.jpg\" itemprop=\"image\" title=\"\" rel=\"prettyPhoto[jet-gallery]\" data-e-disable-page-transition=\"\"><img loading=\"lazy\" decoding=\"async\" width=\"2048\" height=\"1365\" src=\"https:\/\/fortvii.eu\/renowacja\/wp-content\/uploads\/2022\/07\/DSC05410.jpg\" class=\"wp-post-gallery\" alt=\"Grupa os\u00f3b ws\u0142uchuje si\u0119 w przewodnika, kt\u00f3ry opowiada o Forcie VII na lewym majdanie\" title=\"\" data-caption=\"\" data-src=\"https:\/\/fortvii.eu\/renowacja\/wp-content\/uploads\/2022\/07\/DSC05410.jpg\" data-large_image=\"https:\/\/fortvii.eu\/renowacja\/wp-content\/uploads\/2022\/07\/DSC05410.jpg\" data-large_image_width=\"2048\" data-large_image_height=\"1365\" \/><\/a>\t<\/div>\r\n<\/div>\r\n<div class=\"jet-woo-product-gallery__image-item swiper-slide\">\r\n\t<div class=\"jet-woo-product-gallery__image\">\r\n\t\t<a class=\"jet-woo-product-gallery__image-link\" href=\"https:\/\/fortvii.eu\/renowacja\/wp-content\/uploads\/2022\/07\/DSC05438.jpg\" itemprop=\"image\" title=\"\" rel=\"prettyPhoto[jet-gallery]\" data-e-disable-page-transition=\"\"><img loading=\"lazy\" decoding=\"async\" width=\"2048\" height=\"1365\" src=\"https:\/\/fortvii.eu\/renowacja\/wp-content\/uploads\/2022\/07\/DSC05438.jpg\" class=\"wp-post-gallery\" alt=\"Grupa os\u00f3b przede wszystkim doros\u0142ych zwiedza ekspozycj\u0119 sta\u0142\u0105 w Muzeum Martyrologii Wielkopolan z przewodnikiem (lewy majdan)\" title=\"\" data-caption=\"\" data-src=\"https:\/\/fortvii.eu\/renowacja\/wp-content\/uploads\/2022\/07\/DSC05438.jpg\" data-large_image=\"https:\/\/fortvii.eu\/renowacja\/wp-content\/uploads\/2022\/07\/DSC05438.jpg\" data-large_image_width=\"2048\" data-large_image_height=\"1365\" \/><\/a>\t<\/div>\r\n<\/div>\r\n<div class=\"jet-woo-product-gallery__image-item swiper-slide\">\r\n\t<div class=\"jet-woo-product-gallery__image\">\r\n\t\t<a class=\"jet-woo-product-gallery__image-link\" href=\"https:\/\/fortvii.eu\/renowacja\/wp-content\/uploads\/2022\/07\/DSC05444.jpg\" itemprop=\"image\" title=\"\" rel=\"prettyPhoto[jet-gallery]\" data-e-disable-page-transition=\"\"><img loading=\"lazy\" decoding=\"async\" width=\"2048\" height=\"1365\" src=\"https:\/\/fortvii.eu\/renowacja\/wp-content\/uploads\/2022\/07\/DSC05444.jpg\" class=\"wp-post-gallery\" alt=\"Przewodnik opowiada o miejsu, w kt\u00f3rym po raz pierwszo dokonano masowej eksterminacji pacjent\u00f3w ze Szpitali Psychiatrycznych.\" title=\"\" data-caption=\"\" data-src=\"https:\/\/fortvii.eu\/renowacja\/wp-content\/uploads\/2022\/07\/DSC05444.jpg\" data-large_image=\"https:\/\/fortvii.eu\/renowacja\/wp-content\/uploads\/2022\/07\/DSC05444.jpg\" data-large_image_width=\"2048\" data-large_image_height=\"1365\" \/><\/a>\t<\/div>\r\n<\/div>\r\n<div class=\"jet-woo-product-gallery__image-item swiper-slide\">\r\n\t<div class=\"jet-woo-product-gallery__image\">\r\n\t\t<a class=\"jet-woo-product-gallery__image-link\" href=\"https:\/\/fortvii.eu\/renowacja\/wp-content\/uploads\/2022\/07\/DSC05447.jpg\" itemprop=\"image\" title=\"\" rel=\"prettyPhoto[jet-gallery]\" data-e-disable-page-transition=\"\"><img loading=\"lazy\" decoding=\"async\" width=\"2048\" height=\"1365\" src=\"https:\/\/fortvii.eu\/renowacja\/wp-content\/uploads\/2022\/07\/DSC05447.jpg\" class=\"wp-post-gallery\" alt=\"Widok uczestnik\u00f3w id\u0105cych za rzewodnikiem.\" title=\"\" data-caption=\"\" data-src=\"https:\/\/fortvii.eu\/renowacja\/wp-content\/uploads\/2022\/07\/DSC05447.jpg\" data-large_image=\"https:\/\/fortvii.eu\/renowacja\/wp-content\/uploads\/2022\/07\/DSC05447.jpg\" data-large_image_width=\"2048\" data-large_image_height=\"1365\" \/><\/a>\t<\/div>\r\n<\/div>\r\n<div class=\"jet-woo-product-gallery__image-item swiper-slide\">\r\n\t<div class=\"jet-woo-product-gallery__image\">\r\n\t\t<a class=\"jet-woo-product-gallery__image-link\" href=\"https:\/\/fortvii.eu\/renowacja\/wp-content\/uploads\/2022\/07\/DSC05455.jpg\" itemprop=\"image\" title=\"\" rel=\"prettyPhoto[jet-gallery]\" data-e-disable-page-transition=\"\"><img loading=\"lazy\" decoding=\"async\" width=\"2048\" height=\"1365\" src=\"https:\/\/fortvii.eu\/renowacja\/wp-content\/uploads\/2022\/07\/DSC05455.jpg\" class=\"wp-post-gallery\" alt=\"Przewodnik opowiada o ekspozycji na kt\u00f3rej znajduj\u0105 si\u0119 nazwiska wi\u0119\u017ani\u00f3w oraz pami\u0105tki.\" title=\"\" data-caption=\"\" data-src=\"https:\/\/fortvii.eu\/renowacja\/wp-content\/uploads\/2022\/07\/DSC05455.jpg\" data-large_image=\"https:\/\/fortvii.eu\/renowacja\/wp-content\/uploads\/2022\/07\/DSC05455.jpg\" data-large_image_width=\"2048\" data-large_image_height=\"1365\" \/><\/a>\t<\/div>\r\n<\/div>\r\n<div class=\"jet-woo-product-gallery__image-item swiper-slide\">\r\n\t<div class=\"jet-woo-product-gallery__image\">\r\n\t\t<a class=\"jet-woo-product-gallery__image-link\" href=\"https:\/\/fortvii.eu\/renowacja\/wp-content\/uploads\/2022\/07\/DSC05462.jpg\" itemprop=\"image\" title=\"\" rel=\"prettyPhoto[jet-gallery]\" data-e-disable-page-transition=\"\"><img loading=\"lazy\" decoding=\"async\" width=\"2048\" height=\"1365\" src=\"https:\/\/fortvii.eu\/renowacja\/wp-content\/uploads\/2022\/07\/DSC05462.jpg\" class=\"wp-post-gallery\" alt=\"rzewodnik prezentuje wystaw\u0119 czasow\u0105 o obozach przej\u015bciowych organizowanych na ziemiach polskich min. na ul G\u0142\u00f3wnej w Poznaniu.\" title=\"\" data-caption=\"\" data-src=\"https:\/\/fortvii.eu\/renowacja\/wp-content\/uploads\/2022\/07\/DSC05462.jpg\" data-large_image=\"https:\/\/fortvii.eu\/renowacja\/wp-content\/uploads\/2022\/07\/DSC05462.jpg\" data-large_image_width=\"2048\" data-large_image_height=\"1365\" \/><\/a>\t<\/div>\r\n<\/div>\t\t\t\t<\/div>\r\n\r\n\t\t\t\t\r\n\t\t\t\t\t\t\t\t\t\t\t\t\t\t\t<div class=\"swiper-pagination swiper-pagination-bullets\">\r\n\t\t\t\t\t\t\t<span class=\"swiper-pagination-bullet swiper-pagination-bullet-active placeholder\"><\/span>\r\n\t\t\t\t\t\t\t<span class=\"swiper-pagination-bullet placeholder\"><\/span>\r\n\t\t\t\t\t\t\t<span class=\"swiper-pagination-bullet placeholder\"><\/span>\r\n\t\t\t\t\t\t<\/div>\r\n\t\t\t\t\t\t\t\t\t\t\t\t<\/div>\r\n\t\t<\/div>\r\n\r\n\t\t\r\n\t<\/div>\r\n\r\n\t\r\n<\/div>\r\n<\/div>\n\n\n<p><\/p>\n","protected":false},"excerpt":{"rendered":"<p>W ubieg\u0142\u0105 sobot\u0119 odby\u0142 si\u0119 kolejny spacer z przewodnikiem w Forcie VII. W ramach zwiedzania odwiedzili\u015bmy zar\u00f3wno now\u0105 powstaj\u0105c\u0105 historyczn\u0105 \u015bcie\u017ck\u0119 tz. fortyfikacyjn\u0105 oraz znan\u0105 oraz dost\u0119pn\u0105 ekspozycj\u0119 martyrologiczn\u0105. Dzi\u0119ki funduszom europejskim przygotowujemy dla Pa\u0144stwa lewy majdan, na kt\u00f3rym ju\u017c niebawem zaprezentujemy nowe ekspozycje prezentuj\u0105ce zar\u00f3wno przesz\u0142o\u015b\u0107 historyczno-architektoniczn\u0105 budynku jak r\u00f3wnie\u017c tragiczne losy wi\u0119\u017ani\u00f3w, utwozonego [&hellip;]<\/p>\n","protected":false},"author":3,"featured_media":1030,"comment_status":"closed","ping_status":"","sticky":false,"template":"","format":"standard","meta":{"footnotes":""},"categories":[8],"tags":[],"class_list":["post-1024","post","type-post","status-publish","format-standard","has-post-thumbnail","hentry","category-aktualnosci"],"_links":{"self":[{"href":"https:\/\/fortvii.eu\/renowacja\/wp-json\/wp\/v2\/posts\/1024","targetHints":{"allow":["GET"]}}],"collection":[{"href":"https:\/\/fortvii.eu\/renowacja\/wp-json\/wp\/v2\/posts"}],"about":[{"href":"https:\/\/fortvii.eu\/renowacja\/wp-json\/wp\/v2\/types\/post"}],"author":[{"embeddable":true,"href":"https:\/\/fortvii.eu\/renowacja\/wp-json\/wp\/v2\/users\/3"}],"replies":[{"embeddable":true,"href":"https:\/\/fortvii.eu\/renowacja\/wp-json\/wp\/v2\/comments?post=1024"}],"version-history":[{"count":2,"href":"https:\/\/fortvii.eu\/renowacja\/wp-json\/wp\/v2\/posts\/1024\/revisions"}],"predecessor-version":[{"id":1039,"href":"https:\/\/fortvii.eu\/renowacja\/wp-json\/wp\/v2\/posts\/1024\/revisions\/1039"}],"wp:featuredmedia":[{"embeddable":true,"href":"https:\/\/fortvii.eu\/renowacja\/wp-json\/wp\/v2\/media\/1030"}],"wp:attachment":[{"href":"https:\/\/fortvii.eu\/renowacja\/wp-json\/wp\/v2\/media?parent=1024"}],"wp:term":[{"taxonomy":"category","embeddable":true,"href":"https:\/\/fortvii.eu\/renowacja\/wp-json\/wp\/v2\/categories?post=1024"},{"taxonomy":"post_tag","embeddable":true,"href":"https:\/\/fortvii.eu\/renowacja\/wp-json\/wp\/v2\/tags?post=1024"}],"curies":[{"name":"wp","href":"https:\/\/api.w.org\/{rel}","templated":true}]}}